{"id":16370,"date":"2023-11-06T12:49:54","date_gmt":"2023-11-06T11:49:54","guid":{"rendered":"https:\/\/www.wsti.pl\/?post_type=newsy_cpt&#038;p=16370"},"modified":"2024-02-18T12:55:42","modified_gmt":"2024-02-18T11:55:42","slug":"dzien-zdrowia-psychicznego-w-iv-lo-im-marii-sklodowskiej-curie-w-chorzowie","status":"publish","type":"newsy_cpt","link":"https:\/\/www.wsti.pl\/en\/dzien-zdrowia-psychicznego-w-iv-lo-im-marii-sklodowskiej-curie-w-chorzowie\/","title":{"rendered":"Dzie\u0144 Zdrowia Psychicznego w\u00a0IV LO im. Marii Sk\u0142odowskiej-Curie w\u00a0Chorzowie"},"content":{"rendered":"\n<section class=\"textWithIcons textWithIcons--0 padding-less\">\n    <div class=\"tbc\">   \n        <div class=\"container\">\n            <div class=\"row\">\n                                    <div class=\"col-12\">\n                        <div class=\"text text--2 color--neutral-black tbc__desc\"><p>Z okazji <strong>Dnia Zdrowia Psychicznego<\/strong> wzi\u0119li\u015bmy udzia\u0142 w\u00a0jego obchodach na <strong>zaproszenie Chorzowskiego IV Liceum im. Marii Sk\u0142odowskiej Curie<\/strong>, w\u00a0ramach kt\u00f3rego m\u0142odzi ludzie mieli okazje wzi\u0105\u0107 udzia\u0142 w\u00a0zaj\u0119ciach profilaktycznych, prelekcjach i\u00a0warsztatach prowadzonych przez specjalist\u00f3w.<\/p>\n<p>&nbsp;<\/p>\n<p>Mi\u0119dzy tymi wszystkim aktywno\u015bciami uczniowie mogli obejrze\u0107 wystaw\u0119 plakat\u00f3w stworzonych przez naszych student\u00f3w z\u00a0pracowni rysunku u\u017cytkowego <strong>Pani Alicji Kocurek.<\/strong><\/p>\n<p>&nbsp;<\/p>\n<p>Temat zdrowia psychicznego niestety jest tematem zawsze aktualnym, na szcz\u0119\u015bcie coraz cz\u0119\u015bciej uczymy si\u0119 rozmawia\u0107 o\u00a0nim bez zb\u0119dnego tabu i\u00a0staramy szuka\u0107 informacji, jak poprawi\u0107 jego stan.<\/p>\n<p>&nbsp;<\/p>\n<p>Dzi\u0119kujemy serdecznie za zaproszenie do wsparcia tak wa\u017cnej inicjatywy!<\/p>\n<\/div>                    <\/div>\n                                                                                                                                                                                                \n            <\/div>\n        <\/div>\n    <\/div>\n\n<\/section>\n\n\n\n    <section class=\"gallery-photo-video   \">\n        <div class=\"container\">\n            <div class=\"row\">\n                                    <div class=\"col-12\">\n                        <p class=\"text--1 text--bold\">Prace grafik\u00f3w WSTI<\/p>\n                    <\/div>\n                            <\/div>\n            <div class=\"row gap-box\">\n                                    \n                                                            <div class=\"col-12 col-sm-6 col-md-4 col-xl-3\">\n                                                                            <a class=\"gallery-photo-video__item\" data-fslightbox=\"gallery-photo-video-item\" href=\"https:\/\/www.wsti.pl\/wp-content\/uploads\/2024\/02\/Aleksandra-Jesionek-min.jpg\">\n                                            <img decoding=\"async\" src=\"https:\/\/www.wsti.pl\/wp-content\/uploads\/2024\/02\/Aleksandra-Jesionek-min.jpg\" alt=\"\" \/>\n                                        <\/a>\n                                                                         \n                                                                                    <p class=\"text--3 signature-photo\">Aleksandra Jesionek<\/p>\n                                                                                                            <\/div>\n                            \n                            \n                            \n\n\n\n                    \n                                                            <div class=\"col-12 col-sm-6 col-md-4 col-xl-3\">\n                                                                            <a class=\"gallery-photo-video__item\" data-fslightbox=\"gallery-photo-video-item\" href=\"https:\/\/www.wsti.pl\/wp-content\/uploads\/2024\/02\/julia-olejarczyk-min.jpg\">\n                                            <img decoding=\"async\" src=\"https:\/\/www.wsti.pl\/wp-content\/uploads\/2024\/02\/julia-olejarczyk-min.jpg\" alt=\"\" \/>\n                                        <\/a>\n                                                                         \n                                                                                    <p class=\"text--3 signature-photo\">Julia Olejarczyk<\/p>\n                                                                                                            <\/div>\n                            \n                            \n                            \n\n\n\n                    \n                                                            <div class=\"col-12 col-sm-6 col-md-4 col-xl-3\">\n                                                                            <a class=\"gallery-photo-video__item\" data-fslightbox=\"gallery-photo-video-item\" href=\"https:\/\/www.wsti.pl\/wp-content\/uploads\/2024\/02\/laura-gryca-min.jpg\">\n                                            <img decoding=\"async\" src=\"https:\/\/www.wsti.pl\/wp-content\/uploads\/2024\/02\/laura-gryca-min.jpg\" alt=\"\" \/>\n                                        <\/a>\n                                                                         \n                                                                                    <p class=\"text--3 signature-photo\">Laura Gryca<\/p>\n                                                                                                            <\/div>\n                            \n                            \n                            \n\n\n\n                    \n                                                            <div class=\"col-12 col-sm-6 col-md-4 col-xl-3\">\n                                                                            <a class=\"gallery-photo-video__item\" data-fslightbox=\"gallery-photo-video-item\" href=\"https:\/\/www.wsti.pl\/wp-content\/uploads\/2024\/02\/Martyna-Laszczynska-min.jpg\">\n                                            <img decoding=\"async\" src=\"https:\/\/www.wsti.pl\/wp-content\/uploads\/2024\/02\/Martyna-Laszczynska-min.jpg\" alt=\"\" \/>\n                                        <\/a>\n                                                                         \n                                                                                    <p class=\"text--3 signature-photo\">Martyna Laszczynska<\/p>\n                                                                                                            <\/div>\n                            \n                            \n                            \n\n\n\n                    \n                                                            <div class=\"col-12 col-sm-6 col-md-4 col-xl-3\">\n                                                                            <a class=\"gallery-photo-video__item\" data-fslightbox=\"gallery-photo-video-item\" href=\"https:\/\/www.wsti.pl\/wp-content\/uploads\/2024\/02\/Nicoletta_Wegrzyn-min.jpg\">\n                                            <img decoding=\"async\" src=\"https:\/\/www.wsti.pl\/wp-content\/uploads\/2024\/02\/Nicoletta_Wegrzyn-min.jpg\" alt=\"\" \/>\n                                        <\/a>\n                                                                         \n                                                                                    <p class=\"text--3 signature-photo\">Nicoletta W\u0119grzyn<\/p>\n                                                                                                            <\/div>\n                            \n                            \n                            \n\n\n\n                    \n                                                            <div class=\"col-12 col-sm-6 col-md-4 col-xl-3\">\n                                                                            <a class=\"gallery-photo-video__item\" data-fslightbox=\"gallery-photo-video-item\" href=\"https:\/\/www.wsti.pl\/wp-content\/uploads\/2024\/02\/oliwia-drapiewska-min.jpg\">\n                                            <img decoding=\"async\" src=\"https:\/\/www.wsti.pl\/wp-content\/uploads\/2024\/02\/oliwia-drapiewska-min.jpg\" alt=\"\" \/>\n                                        <\/a>\n                                                                         \n                                                                                    <p class=\"text--3 signature-photo\">Oliwia Drapiewska<\/p>\n                                                                                                            <\/div>\n                            \n                            \n                            \n\n\n\n                    \n                                                            <div class=\"col-12 col-sm-6 col-md-4 col-xl-3\">\n                                                                            <a class=\"gallery-photo-video__item\" data-fslightbox=\"gallery-photo-video-item\" href=\"https:\/\/www.wsti.pl\/wp-content\/uploads\/2024\/02\/Pazdur_Oliwia-min.jpg\">\n                                            <img decoding=\"async\" src=\"https:\/\/www.wsti.pl\/wp-content\/uploads\/2024\/02\/Pazdur_Oliwia-min.jpg\" alt=\"\" \/>\n                                        <\/a>\n                                                                         \n                                                                                    <p class=\"text--3 signature-photo\">Oliwia Pazdur<\/p>\n                                                                                                            <\/div>\n                            \n                            \n                            \n\n\n\n                    \n                                                            <div class=\"col-12 col-sm-6 col-md-4 col-xl-3\">\n                                                                            <a class=\"gallery-photo-video__item\" data-fslightbox=\"gallery-photo-video-item\" href=\"https:\/\/www.wsti.pl\/wp-content\/uploads\/2023\/11\/zuzanna_papiez-min.jpg\">\n                                            <img decoding=\"async\" src=\"https:\/\/www.wsti.pl\/wp-content\/uploads\/2023\/11\/zuzanna_papiez-min.jpg\" alt=\"\" \/>\n                                        <\/a>\n                                                                         \n                                                                                    <p class=\"text--3 signature-photo\">Zuzanna Papiez<\/p>\n                                                                                                            <\/div>\n                            \n                            \n                            \n\n\n\n                                                <\/div>\n        <\/div>\n    <\/section>","protected":false},"author":9,"featured_media":16432,"parent":0,"menu_order":0,"template":"","meta":{"_acf_changed":false},"newsy_cpt_tags":[40,44],"class_list":["post-16370","newsy_cpt","type-newsy_cpt","status-publish","has-post-thumbnail","hentry","newsy_cpt_tags-grafika","newsy_cpt_tags-wystawa"],"acf":{"alert_on":false,"alert_filter_tag_select":false,"alert_filter_by_tag":[],"modalComunicatHeader_blog":"","modalComunicatHeader_link":null,"awarded_post":false},"yoast_head":"<!-- This site is optimized with the Yoast SEO plugin v27.2 - https:\/\/yoast.com\/product\/yoast-seo-wordpress\/ -->\n<title>Dzie\u0144 Zdrowia Psychicznego w\u00a0IV LO im. Marii Sk\u0142odowskiej-Curie w\u00a0Chorzowie - WSTI<\/title>\n<meta name=\"robots\" content=\"index, follow, max-snippet:-1, max-image-preview:large, max-video-preview:-1\" \/>\n<link rel=\"canonical\" href=\"https:\/\/www.wsti.pl\/dzien-zdrowia-psychicznego-w-iv-lo-im-marii-sklodowskiej-curie-w-chorzowie\/\" \/>\n<meta property=\"og:locale\" content=\"en_US\" \/>\n<meta property=\"og:type\" content=\"article\" \/>\n<meta property=\"og:title\" content=\"Dzie\u0144 Zdrowia Psychicznego w\u00a0IV LO im. Marii Sk\u0142odowskiej-Curie w\u00a0Chorzowie - WSTI\" \/>\n<meta property=\"og:url\" content=\"https:\/\/www.wsti.pl\/dzien-zdrowia-psychicznego-w-iv-lo-im-marii-sklodowskiej-curie-w-chorzowie\/\" \/>\n<meta property=\"og:site_name\" content=\"WSTI\" \/>\n<meta property=\"article:modified_time\" content=\"2024-02-18T11:55:42+00:00\" \/>\n<meta property=\"og:image\" content=\"https:\/\/www.wsti.pl\/wp-content\/uploads\/2023\/11\/zuzanna_papiez-min.jpg\" \/>\n\t<meta property=\"og:image:width\" content=\"1188\" \/>\n\t<meta property=\"og:image:height\" content=\"1680\" \/>\n\t<meta property=\"og:image:type\" content=\"image\/jpeg\" \/>\n<meta name=\"twitter:card\" content=\"summary_large_image\" \/>\n<script type=\"application\/ld+json\" class=\"yoast-schema-graph\">{\"@context\":\"https:\/\/schema.org\",\"@graph\":[{\"@type\":\"WebPage\",\"@id\":\"https:\/\/www.wsti.pl\/dzien-zdrowia-psychicznego-w-iv-lo-im-marii-sklodowskiej-curie-w-chorzowie\/\",\"url\":\"https:\/\/www.wsti.pl\/dzien-zdrowia-psychicznego-w-iv-lo-im-marii-sklodowskiej-curie-w-chorzowie\/\",\"name\":\"Dzie\u0144 Zdrowia Psychicznego w\u00a0IV LO im. Marii Sk\u0142odowskiej-Curie w\u00a0Chorzowie - WSTI\",\"isPartOf\":{\"@id\":\"https:\/\/www.wsti.pl\/#website\"},\"primaryImageOfPage\":{\"@id\":\"https:\/\/www.wsti.pl\/dzien-zdrowia-psychicznego-w-iv-lo-im-marii-sklodowskiej-curie-w-chorzowie\/#primaryimage\"},\"image\":{\"@id\":\"https:\/\/www.wsti.pl\/dzien-zdrowia-psychicznego-w-iv-lo-im-marii-sklodowskiej-curie-w-chorzowie\/#primaryimage\"},\"thumbnailUrl\":\"https:\/\/www.wsti.pl\/wp-content\/uploads\/2023\/11\/zuzanna_papiez-min.jpg\",\"datePublished\":\"2023-11-06T11:49:54+00:00\",\"dateModified\":\"2024-02-18T11:55:42+00:00\",\"breadcrumb\":{\"@id\":\"https:\/\/www.wsti.pl\/dzien-zdrowia-psychicznego-w-iv-lo-im-marii-sklodowskiej-curie-w-chorzowie\/#breadcrumb\"},\"inLanguage\":\"en-US\",\"potentialAction\":[{\"@type\":\"ReadAction\",\"target\":[\"https:\/\/www.wsti.pl\/dzien-zdrowia-psychicznego-w-iv-lo-im-marii-sklodowskiej-curie-w-chorzowie\/\"]}]},{\"@type\":\"ImageObject\",\"inLanguage\":\"en-US\",\"@id\":\"https:\/\/www.wsti.pl\/dzien-zdrowia-psychicznego-w-iv-lo-im-marii-sklodowskiej-curie-w-chorzowie\/#primaryimage\",\"url\":\"https:\/\/www.wsti.pl\/wp-content\/uploads\/2023\/11\/zuzanna_papiez-min.jpg\",\"contentUrl\":\"https:\/\/www.wsti.pl\/wp-content\/uploads\/2023\/11\/zuzanna_papiez-min.jpg\",\"width\":1188,\"height\":1680},{\"@type\":\"BreadcrumbList\",\"@id\":\"https:\/\/www.wsti.pl\/dzien-zdrowia-psychicznego-w-iv-lo-im-marii-sklodowskiej-curie-w-chorzowie\/#breadcrumb\",\"itemListElement\":[{\"@type\":\"ListItem\",\"position\":1,\"name\":\"Strona g\u0142\u00f3wna\",\"item\":\"https:\/\/www.wsti.pl\/en\/\"},{\"@type\":\"ListItem\",\"position\":2,\"name\":\"Dzie\u0144 Zdrowia Psychicznego w\u00a0IV LO im. Marii Sk\u0142odowskiej-Curie w\u00a0Chorzowie\"}]},{\"@type\":\"WebSite\",\"@id\":\"https:\/\/www.wsti.pl\/#website\",\"url\":\"https:\/\/www.wsti.pl\/\",\"name\":\"WSTI\",\"description\":\"Wy\u017csza Szko\u0142a Technologii Informatycznych w Katowicach\",\"potentialAction\":[{\"@type\":\"SearchAction\",\"target\":{\"@type\":\"EntryPoint\",\"urlTemplate\":\"https:\/\/www.wsti.pl\/?s={search_term_string}\"},\"query-input\":{\"@type\":\"PropertyValueSpecification\",\"valueRequired\":true,\"valueName\":\"search_term_string\"}}],\"inLanguage\":\"en-US\"}]}<\/script>\n<!-- \/ Yoast SEO plugin. -->","yoast_head_json":{"title":"Dzie\u0144 Zdrowia Psychicznego w\u00a0IV LO im. Marii Sk\u0142odowskiej-Curie w\u00a0Chorzowie - WSTI","robots":{"index":"index","follow":"follow","max-snippet":"max-snippet:-1","max-image-preview":"max-image-preview:large","max-video-preview":"max-video-preview:-1"},"canonical":"https:\/\/www.wsti.pl\/dzien-zdrowia-psychicznego-w-iv-lo-im-marii-sklodowskiej-curie-w-chorzowie\/","og_locale":"en_US","og_type":"article","og_title":"Dzie\u0144 Zdrowia Psychicznego w\u00a0IV LO im. Marii Sk\u0142odowskiej-Curie w\u00a0Chorzowie - WSTI","og_url":"https:\/\/www.wsti.pl\/dzien-zdrowia-psychicznego-w-iv-lo-im-marii-sklodowskiej-curie-w-chorzowie\/","og_site_name":"WSTI","article_modified_time":"2024-02-18T11:55:42+00:00","og_image":[{"width":1188,"height":1680,"url":"https:\/\/www.wsti.pl\/wp-content\/uploads\/2023\/11\/zuzanna_papiez-min.jpg","type":"image\/jpeg"}],"twitter_card":"summary_large_image","schema":{"@context":"https:\/\/schema.org","@graph":[{"@type":"WebPage","@id":"https:\/\/www.wsti.pl\/dzien-zdrowia-psychicznego-w-iv-lo-im-marii-sklodowskiej-curie-w-chorzowie\/","url":"https:\/\/www.wsti.pl\/dzien-zdrowia-psychicznego-w-iv-lo-im-marii-sklodowskiej-curie-w-chorzowie\/","name":"Dzie\u0144 Zdrowia Psychicznego w\u00a0IV LO im. Marii Sk\u0142odowskiej-Curie w\u00a0Chorzowie - WSTI","isPartOf":{"@id":"https:\/\/www.wsti.pl\/#website"},"primaryImageOfPage":{"@id":"https:\/\/www.wsti.pl\/dzien-zdrowia-psychicznego-w-iv-lo-im-marii-sklodowskiej-curie-w-chorzowie\/#primaryimage"},"image":{"@id":"https:\/\/www.wsti.pl\/dzien-zdrowia-psychicznego-w-iv-lo-im-marii-sklodowskiej-curie-w-chorzowie\/#primaryimage"},"thumbnailUrl":"https:\/\/www.wsti.pl\/wp-content\/uploads\/2023\/11\/zuzanna_papiez-min.jpg","datePublished":"2023-11-06T11:49:54+00:00","dateModified":"2024-02-18T11:55:42+00:00","breadcrumb":{"@id":"https:\/\/www.wsti.pl\/dzien-zdrowia-psychicznego-w-iv-lo-im-marii-sklodowskiej-curie-w-chorzowie\/#breadcrumb"},"inLanguage":"en-US","potentialAction":[{"@type":"ReadAction","target":["https:\/\/www.wsti.pl\/dzien-zdrowia-psychicznego-w-iv-lo-im-marii-sklodowskiej-curie-w-chorzowie\/"]}]},{"@type":"ImageObject","inLanguage":"en-US","@id":"https:\/\/www.wsti.pl\/dzien-zdrowia-psychicznego-w-iv-lo-im-marii-sklodowskiej-curie-w-chorzowie\/#primaryimage","url":"https:\/\/www.wsti.pl\/wp-content\/uploads\/2023\/11\/zuzanna_papiez-min.jpg","contentUrl":"https:\/\/www.wsti.pl\/wp-content\/uploads\/2023\/11\/zuzanna_papiez-min.jpg","width":1188,"height":1680},{"@type":"BreadcrumbList","@id":"https:\/\/www.wsti.pl\/dzien-zdrowia-psychicznego-w-iv-lo-im-marii-sklodowskiej-curie-w-chorzowie\/#breadcrumb","itemListElement":[{"@type":"ListItem","position":1,"name":"Strona g\u0142\u00f3wna","item":"https:\/\/www.wsti.pl\/en\/"},{"@type":"ListItem","position":2,"name":"Dzie\u0144 Zdrowia Psychicznego w\u00a0IV LO im. Marii Sk\u0142odowskiej-Curie w\u00a0Chorzowie"}]},{"@type":"WebSite","@id":"https:\/\/www.wsti.pl\/#website","url":"https:\/\/www.wsti.pl\/","name":"WSTI","description":"Wy\u017csza Szko\u0142a Technologii Informatycznych w Katowicach","potentialAction":[{"@type":"SearchAction","target":{"@type":"EntryPoint","urlTemplate":"https:\/\/www.wsti.pl\/?s={search_term_string}"},"query-input":{"@type":"PropertyValueSpecification","valueRequired":true,"valueName":"search_term_string"}}],"inLanguage":"en-US"}]}},"_links":{"self":[{"href":"https:\/\/www.wsti.pl\/en\/wp-json\/wp\/v2\/newsy_cpt\/16370","targetHints":{"allow":["GET"]}}],"collection":[{"href":"https:\/\/www.wsti.pl\/en\/wp-json\/wp\/v2\/newsy_cpt"}],"about":[{"href":"https:\/\/www.wsti.pl\/en\/wp-json\/wp\/v2\/types\/newsy_cpt"}],"author":[{"embeddable":true,"href":"https:\/\/www.wsti.pl\/en\/wp-json\/wp\/v2\/users\/9"}],"wp:featuredmedia":[{"embeddable":true,"href":"https:\/\/www.wsti.pl\/en\/wp-json\/wp\/v2\/media\/16432"}],"wp:attachment":[{"href":"https:\/\/www.wsti.pl\/en\/wp-json\/wp\/v2\/media?parent=16370"}],"wp:term":[{"taxonomy":"newsy_cpt_tags","embeddable":true,"href":"https:\/\/www.wsti.pl\/en\/wp-json\/wp\/v2\/newsy_cpt_tags?post=16370"}],"curies":[{"name":"wp","href":"https:\/\/api.w.org\/{rel}","templated":true}]}}